{"id":7745,"date":"2025-12-19T11:02:21","date_gmt":"2025-12-19T08:02:21","guid":{"rendered":"https:\/\/disktekstil.org\/?p=7745"},"modified":"2025-12-19T11:02:21","modified_gmt":"2025-12-19T08:02:21","slug":"bursa-regional-shop-steward-training","status":"publish","type":"post","link":"https:\/\/disktekstil.org\/en\/bursa-regional-shop-steward-training\/","title":{"rendered":"BURSA REGIONAL SHOP STEWARD TRAINING"},"content":{"rendered":"<p>&nbsp;<\/p>\n<p><img loading=\"lazy\" decoding=\"async\" class=\"alignnone size-full wp-image-7737\" src=\"https:\/\/disktekstil.org\/wp-content\/uploads\/2025\/12\/Katilimcilar-toplu-resim.jpg\" alt=\"\" width=\"1280\" height=\"523\" srcset=\"https:\/\/disktekstil.org\/wp-content\/uploads\/2025\/12\/Katilimcilar-toplu-resim.jpg 1280w, https:\/\/disktekstil.org\/wp-content\/uploads\/2025\/12\/Katilimcilar-toplu-resim-300x123.jpg 300w, https:\/\/disktekstil.org\/wp-content\/uploads\/2025\/12\/Katilimcilar-toplu-resim-1024x418.jpg 1024w, https:\/\/disktekstil.org\/wp-content\/uploads\/2025\/12\/Katilimcilar-toplu-resim-768x314.jpg 768w, https:\/\/disktekstil.org\/wp-content\/uploads\/2025\/12\/Katilimcilar-toplu-resim-750x306.jpg 750w, https:\/\/disktekstil.org\/wp-content\/uploads\/2025\/12\/Katilimcilar-toplu-resim-1140x466.jpg 1140w\" sizes=\"auto, (max-width: 1280px) 100vw, 1280px\" \/>Our workplace union representatives from Bursa, Gebze and Manisa attended the final training meeting of our union\u2019s 2025 programme, held in Mudanya (Bursa) on 11 December 2025.<\/p>\n<p>The training was organised within the framework of a joint project carried out together with our sister union 3F in Denmark and delivered a programme covering key topics for workplace representation.<\/p>\n<p>The meeting was attended by our President Kaz\u0131m Do\u011fan; Executive Board member Birol Tan; Audit Board members Saffet \u00dcnal and G\u00f6ksel Ge\u00e7it; Bursa Branch President \u0130ncig\u00fcl \u015eent\u00fcrk; Merter Branch President Asalettin Arslano\u011flu; and our Organising Department expertBahad\u0131r Derin.<\/p>\n<p>President Do\u011fan opened the meeting with brief remarks and thanked all participants.<\/p>\n<figure id=\"attachment_7743\" aria-describedby=\"caption-attachment-7743\" style=\"width: 1280px\" class=\"wp-caption alignnone\"><img loading=\"lazy\" decoding=\"async\" class=\"wp-image-7743 size-full\" src=\"https:\/\/disktekstil.org\/wp-content\/uploads\/2025\/12\/Uzeyir-Ataman.jpg\" alt=\"\" width=\"1280\" height=\"576\" srcset=\"https:\/\/disktekstil.org\/wp-content\/uploads\/2025\/12\/Uzeyir-Ataman.jpg 1280w, https:\/\/disktekstil.org\/wp-content\/uploads\/2025\/12\/Uzeyir-Ataman-300x135.jpg 300w, https:\/\/disktekstil.org\/wp-content\/uploads\/2025\/12\/Uzeyir-Ataman-1024x461.jpg 1024w, https:\/\/disktekstil.org\/wp-content\/uploads\/2025\/12\/Uzeyir-Ataman-768x346.jpg 768w, https:\/\/disktekstil.org\/wp-content\/uploads\/2025\/12\/Uzeyir-Ataman-750x338.jpg 750w, https:\/\/disktekstil.org\/wp-content\/uploads\/2025\/12\/Uzeyir-Ataman-1140x513.jpg 1140w\" sizes=\"auto, (max-width: 1280px) 100vw, 1280px\" \/><figcaption id=\"caption-attachment-7743\" class=\"wp-caption-text\">\u00dczeyir Ataman (Director of Education Departmon, Lastik-\u0130\u015f Union)<\/figcaption><\/figure>\n<p>Held in two sessions (morning and afternoon), the first presentation was delivered by \u00dczeyir Ataman, Head of the Training Department at Lastik-\u0130\u015f. He spoke about why workers need to know their own history, the formation of trade unions in the world and in T\u00fcrkiye, and achievements won through trade union struggle.<\/p>\n<figure id=\"attachment_7731\" aria-describedby=\"caption-attachment-7731\" style=\"width: 1280px\" class=\"wp-caption alignnone\"><img loading=\"lazy\" decoding=\"async\" class=\"wp-image-7731 size-full\" src=\"https:\/\/disktekstil.org\/wp-content\/uploads\/2025\/12\/Asalettin-Arslanoglu.jpg\" alt=\"\" width=\"1280\" height=\"557\" srcset=\"https:\/\/disktekstil.org\/wp-content\/uploads\/2025\/12\/Asalettin-Arslanoglu.jpg 1280w, https:\/\/disktekstil.org\/wp-content\/uploads\/2025\/12\/Asalettin-Arslanoglu-300x131.jpg 300w, https:\/\/disktekstil.org\/wp-content\/uploads\/2025\/12\/Asalettin-Arslanoglu-1024x446.jpg 1024w, https:\/\/disktekstil.org\/wp-content\/uploads\/2025\/12\/Asalettin-Arslanoglu-768x334.jpg 768w, https:\/\/disktekstil.org\/wp-content\/uploads\/2025\/12\/Asalettin-Arslanoglu-750x326.jpg 750w, https:\/\/disktekstil.org\/wp-content\/uploads\/2025\/12\/Asalettin-Arslanoglu-1140x496.jpg 1140w\" sizes=\"auto, (max-width: 1280px) 100vw, 1280px\" \/><figcaption id=\"caption-attachment-7731\" class=\"wp-caption-text\">Asalettin Arslano\u011flu (Textile Workers&#8217; Union Merter Branch President)<\/figcaption><\/figure>\n<p>The second presentation was delivered by Merter Branch President Asalettin Arslano\u011flu. Linking organising work with fundamental workers\u2019 rights, he explained key elements of effective organising. He highlighted the legal regulations that representatives who also act as organisers should be familiar with and outlined how strategic and tactical steps in workplace organising can be planned.<\/p>\n<figure id=\"attachment_7734\" aria-describedby=\"caption-attachment-7734\" style=\"width: 1280px\" class=\"wp-caption alignnone\"><img loading=\"lazy\" decoding=\"async\" class=\"wp-image-7734 size-full\" src=\"https:\/\/disktekstil.org\/wp-content\/uploads\/2025\/12\/Emek-Akalin.jpg\" alt=\"\" width=\"1280\" height=\"503\" srcset=\"https:\/\/disktekstil.org\/wp-content\/uploads\/2025\/12\/Emek-Akalin.jpg 1280w, https:\/\/disktekstil.org\/wp-content\/uploads\/2025\/12\/Emek-Akalin-300x118.jpg 300w, https:\/\/disktekstil.org\/wp-content\/uploads\/2025\/12\/Emek-Akalin-1024x402.jpg 1024w, https:\/\/disktekstil.org\/wp-content\/uploads\/2025\/12\/Emek-Akalin-768x302.jpg 768w, https:\/\/disktekstil.org\/wp-content\/uploads\/2025\/12\/Emek-Akalin-750x295.jpg 750w, https:\/\/disktekstil.org\/wp-content\/uploads\/2025\/12\/Emek-Akalin-1140x448.jpg 1140w\" sizes=\"auto, (max-width: 1280px) 100vw, 1280px\" \/><figcaption id=\"caption-attachment-7734\" class=\"wp-caption-text\">Ay\u015fe Emel Akal\u0131m (ILO Expert)<\/figcaption><\/figure>\n<p>The first presentation of the afternoon session was delivered online by ILO specialist Ay\u015fe Emel Akal\u0131n. She explained the ILO\u2019s standards on discrimination, the role of equality and fairness in preventing discrimination, and the importance of gender equality in working life. She also stressed that greater efforts are needed in T\u00fcrkiye to secure ratification of the ILO Violence and Harassment Convention (No. 190) to prevent violence and harassment at work.<\/p>\n<figure id=\"attachment_7740\" aria-describedby=\"caption-attachment-7740\" style=\"width: 199px\" class=\"wp-caption alignleft\"><img loading=\"lazy\" decoding=\"async\" class=\"wp-image-7740\" src=\"https:\/\/disktekstil.org\/wp-content\/uploads\/2025\/12\/Murat-Sarcan.jpg\" alt=\"\" width=\"199\" height=\"308\" srcset=\"https:\/\/disktekstil.org\/wp-content\/uploads\/2025\/12\/Murat-Sarcan.jpg 1280w, https:\/\/disktekstil.org\/wp-content\/uploads\/2025\/12\/Murat-Sarcan-194x300.jpg 194w, https:\/\/disktekstil.org\/wp-content\/uploads\/2025\/12\/Murat-Sarcan-661x1024.jpg 661w, https:\/\/disktekstil.org\/wp-content\/uploads\/2025\/12\/Murat-Sarcan-768x1189.jpg 768w, https:\/\/disktekstil.org\/wp-content\/uploads\/2025\/12\/Murat-Sarcan-992x1536.jpg 992w, https:\/\/disktekstil.org\/wp-content\/uploads\/2025\/12\/Murat-Sarcan-750x1161.jpg 750w, https:\/\/disktekstil.org\/wp-content\/uploads\/2025\/12\/Murat-Sarcan-1140x1765.jpg 1140w\" sizes=\"auto, (max-width: 199px) 100vw, 199px\" \/><figcaption id=\"caption-attachment-7740\" class=\"wp-caption-text\">Murat Sarcan (OHS Expert)<\/figcaption><\/figure>\n<p>The final presentation was delivered by occupational safety specialist Murat Sarcan. Using examples from T\u00fcrkiye and abroad, he discussed how occupational health and safety is perceived by employers and workers.<\/p>\n<p>He also covered the selection, duties and powers of employee representatives under current legislation, as well as the formation and functioning of OHS committees, emphasising the life-saving impact of simple precautions.<\/p>\n<p>Following the presentations, participants completed an evaluation survey. Throughout the sessions, they contributed with questions and comments, helping to ensure that the meeting was active and productive.<\/p>\n","protected":false},"excerpt":{"rendered":"<p>&nbsp; Our workplace union representatives from Bursa, Gebze and Manisa attended the final training meeting of our union\u2019s 2025 programme, held in Mudanya (Bursa) on 11 December 2025. The training was organised within the framework of a joint project carried out together with our sister union 3F in Denmark and delivered a programme covering key [&hellip;]<\/p>\n","protected":false},"author":3,"featured_media":7731,"comment_status":"open","ping_status":"closed","sticky":false,"template":"","format":"standard","meta":{"footnotes":""},"categories":[54,62],"tags":[158,157,156,160,159],"class_list":["post-7745","post","type-post","status-publish","format-standard","has-post-thumbnail","hentry","category-headline","category-haberler-3","tag-3f-2","tag-hos","tag-ilo-2","tag-lastik-is","tag-tekstil"],"_links":{"self":[{"href":"https:\/\/disktekstil.org\/en\/wp-json\/wp\/v2\/posts\/7745","targetHints":{"allow":["GET"]}}],"collection":[{"href":"https:\/\/disktekstil.org\/en\/wp-json\/wp\/v2\/posts"}],"about":[{"href":"https:\/\/disktekstil.org\/en\/wp-json\/wp\/v2\/types\/post"}],"author":[{"embeddable":true,"href":"https:\/\/disktekstil.org\/en\/wp-json\/wp\/v2\/users\/3"}],"replies":[{"embeddable":true,"href":"https:\/\/disktekstil.org\/en\/wp-json\/wp\/v2\/comments?post=7745"}],"version-history":[{"count":1,"href":"https:\/\/disktekstil.org\/en\/wp-json\/wp\/v2\/posts\/7745\/revisions"}],"predecessor-version":[{"id":7746,"href":"https:\/\/disktekstil.org\/en\/wp-json\/wp\/v2\/posts\/7745\/revisions\/7746"}],"wp:featuredmedia":[{"embeddable":true,"href":"https:\/\/disktekstil.org\/en\/wp-json\/wp\/v2\/media\/7731"}],"wp:attachment":[{"href":"https:\/\/disktekstil.org\/en\/wp-json\/wp\/v2\/media?parent=7745"}],"wp:term":[{"taxonomy":"category","embeddable":true,"href":"https:\/\/disktekstil.org\/en\/wp-json\/wp\/v2\/categories?post=7745"},{"taxonomy":"post_tag","embeddable":true,"href":"https:\/\/disktekstil.org\/en\/wp-json\/wp\/v2\/tags?post=7745"}],"curies":[{"name":"wp","href":"https:\/\/api.w.org\/{rel}","templated":true}]}}