{"id":7717,"date":"2025-12-05T15:15:41","date_gmt":"2025-12-05T12:15:41","guid":{"rendered":"https:\/\/disktekstil.org\/?p=7717"},"modified":"2025-12-05T15:17:51","modified_gmt":"2025-12-05T12:17:51","slug":"istanbul-regional-representatives-training","status":"publish","type":"post","link":"https:\/\/disktekstil.org\/en\/istanbul-regional-representatives-training\/","title":{"rendered":"ISTANBUL REGIONAL REPRESENTATIVES\u2019 TRAINING"},"content":{"rendered":"<p><img loading=\"lazy\" decoding=\"async\" class=\"alignnone size-full wp-image-7693\" src=\"https:\/\/disktekstil.org\/wp-content\/uploads\/2025\/12\/Katilimcilar-03.12.2025.jpg\" alt=\"\" width=\"1280\" height=\"518\" srcset=\"https:\/\/disktekstil.org\/wp-content\/uploads\/2025\/12\/Katilimcilar-03.12.2025.jpg 1280w, https:\/\/disktekstil.org\/wp-content\/uploads\/2025\/12\/Katilimcilar-03.12.2025-300x121.jpg 300w, https:\/\/disktekstil.org\/wp-content\/uploads\/2025\/12\/Katilimcilar-03.12.2025-1024x414.jpg 1024w, https:\/\/disktekstil.org\/wp-content\/uploads\/2025\/12\/Katilimcilar-03.12.2025-768x311.jpg 768w, https:\/\/disktekstil.org\/wp-content\/uploads\/2025\/12\/Katilimcilar-03.12.2025-750x304.jpg 750w, https:\/\/disktekstil.org\/wp-content\/uploads\/2025\/12\/Katilimcilar-03.12.2025-1140x461.jpg 1140w\" sizes=\"auto, (max-width: 1280px) 100vw, 1280px\" \/>The second representatives\u2019 training, organised within the scope of the joint project carried out with our sister union 3F from Denmark, was held in Istanbul on 3 December 2025.<\/p>\n<p>President Kaz\u0131m Do\u011fan, Executive Board member Birol Tan and<\/p>\n<figure id=\"attachment_7696\" aria-describedby=\"caption-attachment-7696\" style=\"width: 281px\" class=\"wp-caption alignright\"><img loading=\"lazy\" decoding=\"async\" class=\"wp-image-7696\" src=\"https:\/\/disktekstil.org\/wp-content\/uploads\/2025\/12\/Kazim-Dogan-03.12.2025.jpg\" alt=\"\" width=\"281\" height=\"158\" srcset=\"https:\/\/disktekstil.org\/wp-content\/uploads\/2025\/12\/Kazim-Dogan-03.12.2025.jpg 1280w, https:\/\/disktekstil.org\/wp-content\/uploads\/2025\/12\/Kazim-Dogan-03.12.2025-300x169.jpg 300w, https:\/\/disktekstil.org\/wp-content\/uploads\/2025\/12\/Kazim-Dogan-03.12.2025-1024x576.jpg 1024w, https:\/\/disktekstil.org\/wp-content\/uploads\/2025\/12\/Kazim-Dogan-03.12.2025-768x432.jpg 768w, https:\/\/disktekstil.org\/wp-content\/uploads\/2025\/12\/Kazim-Dogan-03.12.2025-750x422.jpg 750w, https:\/\/disktekstil.org\/wp-content\/uploads\/2025\/12\/Kazim-Dogan-03.12.2025-1140x641.jpg 1140w\" sizes=\"auto, (max-width: 281px) 100vw, 281px\" \/><figcaption id=\"caption-attachment-7696\" class=\"wp-caption-text\">Kaz\u0131m Do\u011fan (President of Textile Union)<\/figcaption><\/figure>\n<p>Merter Branch President Asalettin Arslano\u011flu took part in the meeting, which was organised for our workplace union representatives in the Istanbul region. At the beginning of the programme, President Do\u011fan thanked all participants for their interest and wished everyone a successful meeting.<\/p>\n<figure id=\"attachment_7699\" aria-describedby=\"caption-attachment-7699\" style=\"width: 171px\" class=\"wp-caption alignleft\"><img loading=\"lazy\" decoding=\"async\" class=\"wp-image-7699\" src=\"https:\/\/disktekstil.org\/wp-content\/uploads\/2025\/12\/Lasya-Rykhalska-ve-Kivanc-Eliacik-03.12.2025.jpg\" alt=\"\" width=\"171\" height=\"167\" srcset=\"https:\/\/disktekstil.org\/wp-content\/uploads\/2025\/12\/Lasya-Rykhalska-ve-Kivanc-Eliacik-03.12.2025.jpg 1280w, https:\/\/disktekstil.org\/wp-content\/uploads\/2025\/12\/Lasya-Rykhalska-ve-Kivanc-Eliacik-03.12.2025-300x293.jpg 300w, https:\/\/disktekstil.org\/wp-content\/uploads\/2025\/12\/Lasya-Rykhalska-ve-Kivanc-Eliacik-03.12.2025-1024x1002.jpg 1024w, https:\/\/disktekstil.org\/wp-content\/uploads\/2025\/12\/Lasya-Rykhalska-ve-Kivanc-Eliacik-03.12.2025-768x751.jpg 768w, https:\/\/disktekstil.org\/wp-content\/uploads\/2025\/12\/Lasya-Rykhalska-ve-Kivanc-Eliacik-03.12.2025-750x734.jpg 750w, https:\/\/disktekstil.org\/wp-content\/uploads\/2025\/12\/Lasya-Rykhalska-ve-Kivanc-Eliacik-03.12.2025-1140x1115.jpg 1140w\" sizes=\"auto, (max-width: 171px) 100vw, 171px\" \/><figcaption id=\"caption-attachment-7699\" class=\"wp-caption-text\">Lesya Rykhalska (3F) and K\u0131van\u00e7 Elia\u00e7\u0131k (D\u0130SK)<\/figcaption><\/figure>\n<p>Attending the meeting on behalf of 3F, Lesya Rykhalska stated that she had come to Turkey in connection with the joint project carried out with our union, that she was very excited to be there, and that she hoped the meeting would contribute to a strong partnership and common struggle.<\/p>\n<p>In the morning session, \u00dczeyir Ataman, Head of the Education Department of Lastik-\u0130\u015f, spoke about the formation of trade unions in the world and in Turkey, the role of workers in creating a democratic society, and the gains achieved through struggles in Turkey. He drew attention to certain regulations introduced by governments over the last 20 years that have caused significant harm to workers, such as income tax brackets, the minimum wage arrangements and the ceiling on severance pay.<\/p>\n<figure id=\"attachment_7705\" aria-describedby=\"caption-attachment-7705\" style=\"width: 1280px\" class=\"wp-caption alignnone\"><img loading=\"lazy\" decoding=\"async\" class=\"wp-image-7705 size-full\" src=\"https:\/\/disktekstil.org\/wp-content\/uploads\/2025\/12\/Uzeyir-Ataman-03.12.2025.jpg\" alt=\"\" width=\"1280\" height=\"518\" srcset=\"https:\/\/disktekstil.org\/wp-content\/uploads\/2025\/12\/Uzeyir-Ataman-03.12.2025.jpg 1280w, https:\/\/disktekstil.org\/wp-content\/uploads\/2025\/12\/Uzeyir-Ataman-03.12.2025-300x121.jpg 300w, https:\/\/disktekstil.org\/wp-content\/uploads\/2025\/12\/Uzeyir-Ataman-03.12.2025-1024x414.jpg 1024w, https:\/\/disktekstil.org\/wp-content\/uploads\/2025\/12\/Uzeyir-Ataman-03.12.2025-768x311.jpg 768w, https:\/\/disktekstil.org\/wp-content\/uploads\/2025\/12\/Uzeyir-Ataman-03.12.2025-750x304.jpg 750w, https:\/\/disktekstil.org\/wp-content\/uploads\/2025\/12\/Uzeyir-Ataman-03.12.2025-1140x461.jpg 1140w\" sizes=\"auto, (max-width: 1280px) 100vw, 1280px\" \/><figcaption id=\"caption-attachment-7705\" class=\"wp-caption-text\">\u00dczeyir Atama (Director of Education Departman of Lastik-\u0130\u015f)<\/figcaption><\/figure>\n<p>In the next part of the programme, Merter Branch President Asalettin Arslano\u011flu gave a presentation on basic labour rights. He explained the key issues that a worker needs to know from recruitment through to termination of employment, and then addressed the elements that need to be taken into account in organising efforts.<\/p>\n<figure id=\"attachment_7687\" aria-describedby=\"caption-attachment-7687\" style=\"width: 1280px\" class=\"wp-caption alignnone\"><img loading=\"lazy\" decoding=\"async\" class=\"wp-image-7687 size-full\" src=\"https:\/\/disktekstil.org\/wp-content\/uploads\/2025\/12\/Asalettin-Arslanoglu-03.12.2025.jpg\" alt=\"\" width=\"1280\" height=\"551\" srcset=\"https:\/\/disktekstil.org\/wp-content\/uploads\/2025\/12\/Asalettin-Arslanoglu-03.12.2025.jpg 1280w, https:\/\/disktekstil.org\/wp-content\/uploads\/2025\/12\/Asalettin-Arslanoglu-03.12.2025-300x129.jpg 300w, https:\/\/disktekstil.org\/wp-content\/uploads\/2025\/12\/Asalettin-Arslanoglu-03.12.2025-1024x441.jpg 1024w, https:\/\/disktekstil.org\/wp-content\/uploads\/2025\/12\/Asalettin-Arslanoglu-03.12.2025-768x331.jpg 768w, https:\/\/disktekstil.org\/wp-content\/uploads\/2025\/12\/Asalettin-Arslanoglu-03.12.2025-750x323.jpg 750w, https:\/\/disktekstil.org\/wp-content\/uploads\/2025\/12\/Asalettin-Arslanoglu-03.12.2025-1140x491.jpg 1140w\" sizes=\"auto, (max-width: 1280px) 100vw, 1280px\" \/><figcaption id=\"caption-attachment-7687\" class=\"wp-caption-text\">Asalettin Arslano\u011flu (Merter Branch President)<\/figcaption><\/figure>\n<p>In the afternoon session, occupational safety expert Seda G\u00fcll\u00fcce spoke about occupational health and safety, explaining the selection, duties and powers of employee representatives, as well as the establishment and functioning of occupational health and safety (OHS) committees as set out in the legislation.<\/p>\n<figure id=\"attachment_7702\" aria-describedby=\"caption-attachment-7702\" style=\"width: 1280px\" class=\"wp-caption alignnone\"><img loading=\"lazy\" decoding=\"async\" class=\"wp-image-7702 size-full\" src=\"https:\/\/disktekstil.org\/wp-content\/uploads\/2025\/12\/Seda-Gulluce-03.12.2025.jpg\" alt=\"\" width=\"1280\" height=\"500\" srcset=\"https:\/\/disktekstil.org\/wp-content\/uploads\/2025\/12\/Seda-Gulluce-03.12.2025.jpg 1280w, https:\/\/disktekstil.org\/wp-content\/uploads\/2025\/12\/Seda-Gulluce-03.12.2025-300x117.jpg 300w, https:\/\/disktekstil.org\/wp-content\/uploads\/2025\/12\/Seda-Gulluce-03.12.2025-1024x400.jpg 1024w, https:\/\/disktekstil.org\/wp-content\/uploads\/2025\/12\/Seda-Gulluce-03.12.2025-768x300.jpg 768w, https:\/\/disktekstil.org\/wp-content\/uploads\/2025\/12\/Seda-Gulluce-03.12.2025-750x293.jpg 750w, https:\/\/disktekstil.org\/wp-content\/uploads\/2025\/12\/Seda-Gulluce-03.12.2025-1140x445.jpg 1140w\" sizes=\"auto, (max-width: 1280px) 100vw, 1280px\" \/><figcaption id=\"caption-attachment-7702\" class=\"wp-caption-text\">Seda G\u00fcll\u00fcce (OHS Expert)<\/figcaption><\/figure>\n<p>In the final part of the meeting, ILO expert Ay\u015fe Emel Akal\u0131n set out the key elements concerning discrimination, gender equality and the prevention of violence and harassment in the workplace, with a particular focus on ILO Convention No. 111. Akal\u0131n noted that there are conventions in this area that Turkey has not yet signed and stated that it would be beneficial for trade unions to make more active efforts in this regard. She added that the efforts of D\u0130SK and Tekstil in these fields are being followed closely.<\/p>\n<figure id=\"attachment_7690\" aria-describedby=\"caption-attachment-7690\" style=\"width: 1280px\" class=\"wp-caption alignnone\"><img loading=\"lazy\" decoding=\"async\" class=\"wp-image-7690 size-full\" src=\"https:\/\/disktekstil.org\/wp-content\/uploads\/2025\/12\/Emel-Akalim-03.12.2025.jpg\" alt=\"\" width=\"1280\" height=\"608\" srcset=\"https:\/\/disktekstil.org\/wp-content\/uploads\/2025\/12\/Emel-Akalim-03.12.2025.jpg 1280w, https:\/\/disktekstil.org\/wp-content\/uploads\/2025\/12\/Emel-Akalim-03.12.2025-300x143.jpg 300w, https:\/\/disktekstil.org\/wp-content\/uploads\/2025\/12\/Emel-Akalim-03.12.2025-1024x486.jpg 1024w, https:\/\/disktekstil.org\/wp-content\/uploads\/2025\/12\/Emel-Akalim-03.12.2025-768x365.jpg 768w, https:\/\/disktekstil.org\/wp-content\/uploads\/2025\/12\/Emel-Akalim-03.12.2025-750x356.jpg 750w, https:\/\/disktekstil.org\/wp-content\/uploads\/2025\/12\/Emel-Akalim-03.12.2025-1140x542.jpg 1140w\" sizes=\"auto, (max-width: 1280px) 100vw, 1280px\" \/><figcaption id=\"caption-attachment-7690\" class=\"wp-caption-text\">Ay\u015fe Emel Akal\u0131n (ILO Expert)<\/figcaption><\/figure>\n","protected":false},"excerpt":{"rendered":"<p>The second representatives\u2019 training, organised within the scope of the joint project carried out with our sister union 3F from Denmark, was held in Istanbul on 3 December 2025. President Kaz\u0131m Do\u011fan, Executive Board member Birol Tan and Merter Branch President Asalettin Arslano\u011flu took part in the meeting, which was organised for our workplace union [&hellip;]<\/p>\n","protected":false},"author":3,"featured_media":7693,"comment_status":"open","ping_status":"closed","sticky":false,"template":"","format":"standard","meta":{"footnotes":""},"categories":[54,62],"tags":[],"class_list":["post-7717","post","type-post","status-publish","format-standard","has-post-thumbnail","hentry","category-headline","category-haberler-3"],"_links":{"self":[{"href":"https:\/\/disktekstil.org\/en\/wp-json\/wp\/v2\/posts\/7717","targetHints":{"allow":["GET"]}}],"collection":[{"href":"https:\/\/disktekstil.org\/en\/wp-json\/wp\/v2\/posts"}],"about":[{"href":"https:\/\/disktekstil.org\/en\/wp-json\/wp\/v2\/types\/post"}],"author":[{"embeddable":true,"href":"https:\/\/disktekstil.org\/en\/wp-json\/wp\/v2\/users\/3"}],"replies":[{"embeddable":true,"href":"https:\/\/disktekstil.org\/en\/wp-json\/wp\/v2\/comments?post=7717"}],"version-history":[{"count":1,"href":"https:\/\/disktekstil.org\/en\/wp-json\/wp\/v2\/posts\/7717\/revisions"}],"predecessor-version":[{"id":7718,"href":"https:\/\/disktekstil.org\/en\/wp-json\/wp\/v2\/posts\/7717\/revisions\/7718"}],"wp:featuredmedia":[{"embeddable":true,"href":"https:\/\/disktekstil.org\/en\/wp-json\/wp\/v2\/media\/7693"}],"wp:attachment":[{"href":"https:\/\/disktekstil.org\/en\/wp-json\/wp\/v2\/media?parent=7717"}],"wp:term":[{"taxonomy":"category","embeddable":true,"href":"https:\/\/disktekstil.org\/en\/wp-json\/wp\/v2\/categories?post=7717"},{"taxonomy":"post_tag","embeddable":true,"href":"https:\/\/disktekstil.org\/en\/wp-json\/wp\/v2\/tags?post=7717"}],"curies":[{"name":"wp","href":"https:\/\/api.w.org\/{rel}","templated":true}]}}