{"id":2532,"date":"2022-02-18T07:05:40","date_gmt":"2022-02-18T07:05:40","guid":{"rendered":"https:\/\/disktekstil.org\/?p=2532"},"modified":"2022-02-18T07:38:12","modified_gmt":"2022-02-18T07:38:12","slug":"life-is-expensive-labor-is-cheap-this-can-not-go-like-this","status":"publish","type":"post","link":"https:\/\/disktekstil.org\/en\/life-is-expensive-labor-is-cheap-this-can-not-go-like-this\/","title":{"rendered":"Life is Expensive, Labor is Cheap: This Can Not Go Like This"},"content":{"rendered":"<p><strong>The first mass press release regarding the new struggle process initiated by D\u0130SK against the price hikes and the ever-increasing cost of living was made in Kad\u0131k\u00f6y Pier Square.<\/strong><\/p>\n<p>The workers, who started to come to the area from 12, waited for the press release to start with halay.<\/p>\n<p><img loading=\"lazy\" decoding=\"async\" class=\"alignnone wp-image-2528 size-full\" src=\"https:\/\/disktekstil.org\/wp-content\/uploads\/2022\/02\/P_20220216_122529_vHDR_On_HP-2048x1536-1.jpg\" alt=\"\" width=\"2048\" height=\"1536\" srcset=\"https:\/\/disktekstil.org\/wp-content\/uploads\/2022\/02\/P_20220216_122529_vHDR_On_HP-2048x1536-1.jpg 2048w, https:\/\/disktekstil.org\/wp-content\/uploads\/2022\/02\/P_20220216_122529_vHDR_On_HP-2048x1536-1-300x225.jpg 300w, https:\/\/disktekstil.org\/wp-content\/uploads\/2022\/02\/P_20220216_122529_vHDR_On_HP-2048x1536-1-1024x768.jpg 1024w, https:\/\/disktekstil.org\/wp-content\/uploads\/2022\/02\/P_20220216_122529_vHDR_On_HP-2048x1536-1-768x576.jpg 768w, https:\/\/disktekstil.org\/wp-content\/uploads\/2022\/02\/P_20220216_122529_vHDR_On_HP-2048x1536-1-1536x1152.jpg 1536w, https:\/\/disktekstil.org\/wp-content\/uploads\/2022\/02\/P_20220216_122529_vHDR_On_HP-2048x1536-1-750x563.jpg 750w, https:\/\/disktekstil.org\/wp-content\/uploads\/2022\/02\/P_20220216_122529_vHDR_On_HP-2048x1536-1-1140x855.jpg 1140w\" sizes=\"auto, (max-width: 2048px) 100vw, 2048px\" \/><\/p>\n<blockquote class=\"twitter-tweet\" data-width=\"500\" data-dnt=\"true\">\n<p lang=\"tr\" dir=\"ltr\">Hayat\u0131n pahal\u0131, eme\u011fin ucuz oldu\u011fu adaletsiz d\u00fczene kar\u015f\u0131 <a href=\"https:\/\/twitter.com\/hashtag\/Kad%C4%B1k%C3%B6y?src=hash&amp;ref_src=twsrc%5Etfw\">#Kad\u0131k\u00f6y<\/a>&#39;deyiz. <br \/>\u0130\u015f\u00e7iler bas\u0131n a\u00e7\u0131klamas\u0131 saatini halaylarla bekliyor. <a href=\"https:\/\/t.co\/ImlcQsMRA3\">pic.twitter.com\/ImlcQsMRA3<\/a><\/p>\n<p>&mdash; D\u0130SK (@diskinsesi) <a href=\"https:\/\/twitter.com\/diskinsesi\/status\/1493879875765256196?ref_src=twsrc%5Etfw\">February 16, 2022<\/a><\/p><\/blockquote>\n<p><script async src=\"https:\/\/platform.twitter.com\/widgets.js\" charset=\"utf-8\"><\/script><\/p>\n<p>Speaking first in the press release that started at 12:30 on Wednesday, February 16th, D\u0130SK Secretary General Adnan Serdaro\u011flu summarized the struggle process titled #Ge\u00e7inmek\u0130stiyoruz (#Wewanttogetliving), which has been going on since October, and gave information about the program of the upcoming period.<\/p>\n<blockquote class=\"twitter-tweet\" data-width=\"500\" data-dnt=\"true\">\n<p lang=\"tr\" dir=\"ltr\">D\u0130SK Genel Sekreteri Adnan Serdaro\u011flu: Bug\u00fcn burada ilkini yapt\u0131\u011f\u0131m\u0131z bas\u0131n a\u00e7\u0131klamam\u0131z\u0131 T\u00fcrkiye&#39;nin d\u00f6rt bir yan\u0131nda ger\u00e7ekle\u015ftirece\u011fiz. <br \/>Bu b\u00f6yle gitmez! <a href=\"https:\/\/t.co\/yewLikCjKO\">pic.twitter.com\/yewLikCjKO<\/a><\/p>\n<p>&mdash; D\u0130SK (@diskinsesi) <a href=\"https:\/\/twitter.com\/diskinsesi\/status\/1493884361946677251?ref_src=twsrc%5Etfw\">February 16, 2022<\/a><\/p><\/blockquote>\n<p><script async src=\"https:\/\/platform.twitter.com\/widgets.js\" charset=\"utf-8\"><\/script><\/p>\n<p>Meanwhile, the entrance of #Diren\u0130\u015f\u00e7i (#Resistworker) Farplas workers to the area was greeted with enthusiasm.<\/p>\n<p>In the press statement that started after the arrival of Farplas workers, D\u0130SK Chairman Arzu \u00c7erkezo\u011flu said that we feel prices in the market, on the bills, as a reality that exceeds the figures, and emphasized that there is no solution to unemployment along with expensiveness. D\u0130SK Chairman Arzu \u00c7erkezo\u011flu said that those who govern the country do not take responsibility for the problems experienced, and said, &#8220;Whoever uses the authority will assume the responsibility.&#8221;<\/p>\n<blockquote class=\"twitter-tweet\" data-width=\"500\" data-dnt=\"true\">\n<p lang=\"tr\" dir=\"ltr\">&quot;Yetkiyi kim kullan\u0131yorsa sorumlulu\u011fu da o \u00fcstlenecektir&quot; <a href=\"https:\/\/t.co\/02fhEDj4oq\">pic.twitter.com\/02fhEDj4oq<\/a><\/p>\n<p>&mdash; D\u0130SK (@diskinsesi) <a href=\"https:\/\/twitter.com\/diskinsesi\/status\/1493890001083506690?ref_src=twsrc%5Etfw\">February 16, 2022<\/a><\/p><\/blockquote>\n<p><script async src=\"https:\/\/platform.twitter.com\/widgets.js\" charset=\"utf-8\"><\/script><\/p>\n<p>In the continuation of his speech, D\u0130SK Chairman Arzu \u00c7erkezo\u011flu explained the five main demands of the struggle process titled \u201cLife is Expensive, Labor is Cheap: This Can Not Go Like This\u201d as follows:<\/p>\n<ol>\n<li>Increases in electricity, water, natural gas and internet bills should be withdrawn, invoices should be exempted from taxes and deductions.<\/li>\n<li>All salaries and wages should be increased at least as much as the minimum wage increase rate, and the minimum wage, which was eroded at the very beginning of the year, should be re-determined. The lowest pension should be reduced to at least the minimum wage level, and the pension rights of EYT members should be given.<\/li>\n<li>The tax bracket above the minimum wage should be reduced to 10 percent, and a fair tax policy should be adopted in which narrow and interest incomes are taxed, and those who earn a lot pay more.<\/li>\n<li>All forms of precarious employment under the name of tradesmen courier\/self-employment\/private employment agency\/subcontractor should be ended, and everyone should be provided with secure employment.<\/li>\n<li>The most important way for the working class to compensate for the loss of income is the right to unionize and strike. All legal and de facto barriers to the exercise of these rights must be removed.<\/li>\n<\/ol>\n<p>&nbsp;<\/p>\n<p>The action ended with the slogans &#8220;There is no salvation, either all together or none of us&#8221;.<\/p>\n<p>&nbsp;<\/p>\n","protected":false},"excerpt":{"rendered":"<p>The first mass press release regarding the new struggle process initiated by D\u0130SK against the price hikes and the ever-increasing cost of living was made in Kad\u0131k\u00f6y Pier Square. The workers, who started to come to the area from 12, waited for the press release to start with halay. Hayat\u0131n pahal\u0131, eme\u011fin ucuz oldu\u011fu adaletsiz [&hellip;]<\/p>\n","protected":false},"author":3,"featured_media":2527,"comment_status":"closed","ping_status":"closed","sticky":false,"template":"","format":"standard","meta":{"footnotes":""},"categories":[54,62],"tags":[],"class_list":["post-2532","post","type-post","status-publish","format-standard","has-post-thumbnail","hentry","category-headline","category-haberler-3"],"_links":{"self":[{"href":"https:\/\/disktekstil.org\/en\/wp-json\/wp\/v2\/posts\/2532","targetHints":{"allow":["GET"]}}],"collection":[{"href":"https:\/\/disktekstil.org\/en\/wp-json\/wp\/v2\/posts"}],"about":[{"href":"https:\/\/disktekstil.org\/en\/wp-json\/wp\/v2\/types\/post"}],"author":[{"embeddable":true,"href":"https:\/\/disktekstil.org\/en\/wp-json\/wp\/v2\/users\/3"}],"replies":[{"embeddable":true,"href":"https:\/\/disktekstil.org\/en\/wp-json\/wp\/v2\/comments?post=2532"}],"version-history":[{"count":0,"href":"https:\/\/disktekstil.org\/en\/wp-json\/wp\/v2\/posts\/2532\/revisions"}],"wp:featuredmedia":[{"embeddable":true,"href":"https:\/\/disktekstil.org\/en\/wp-json\/wp\/v2\/media\/2527"}],"wp:attachment":[{"href":"https:\/\/disktekstil.org\/en\/wp-json\/wp\/v2\/media?parent=2532"}],"wp:term":[{"taxonomy":"category","embeddable":true,"href":"https:\/\/disktekstil.org\/en\/wp-json\/wp\/v2\/categories?post=2532"},{"taxonomy":"post_tag","embeddable":true,"href":"https:\/\/disktekstil.org\/en\/wp-json\/wp\/v2\/tags?post=2532"}],"curies":[{"name":"wp","href":"https:\/\/api.w.org\/{rel}","templated":true}]}}